{"id":2104,"date":"2025-01-03T20:49:20","date_gmt":"2025-01-03T17:49:20","guid":{"rendered":"https:\/\/www.asdami.com\/?p=2104"},"modified":"2025-01-05T13:51:25","modified_gmt":"2025-01-05T10:51:25","slug":"__trashed","status":"publish","type":"post","link":"https:\/\/www.asdami.com\/?p=2104","title":{"rendered":"dat\u00e7a mesudiye ot kavurmas\u0131"},"content":{"rendered":"\n<figure class=\"wp-block-image size-full\"><img loading=\"lazy\" decoding=\"async\" width=\"2560\" height=\"1920\" src=\"https:\/\/www.asdami.com\/wp-content\/uploads\/2025\/01\/20250103_155424-scaled.jpg\" alt=\"\" class=\"wp-image-2143\" style=\"aspect-ratio:1.7777777777777777;object-fit:cover\" title=\"20240305_190615\" srcset=\"https:\/\/www.asdami.com\/wp-content\/uploads\/2025\/01\/20250103_155424-scaled.jpg 2560w, https:\/\/www.asdami.com\/wp-content\/uploads\/2025\/01\/20250103_155424-300x225.jpg 300w, https:\/\/www.asdami.com\/wp-content\/uploads\/2025\/01\/20250103_155424-1024x768.jpg 1024w, https:\/\/www.asdami.com\/wp-content\/uploads\/2025\/01\/20250103_155424-768x576.jpg 768w, https:\/\/www.asdami.com\/wp-content\/uploads\/2025\/01\/20250103_155424-1536x1152.jpg 1536w, https:\/\/www.asdami.com\/wp-content\/uploads\/2025\/01\/20250103_155424-2048x1536.jpg 2048w\" sizes=\"auto, (max-width: 2560px) 100vw, 2560px\" \/><\/figure>\n\n\n\n<blockquote class=\"wp-block-quote is-layout-flow wp-block-quote-is-layout-flow\">\n<p><\/p>\n\n\n\n<p class=\"has-text-align-right\"><em>\u201c&#8230; <em>Hangi ot bu denli al\u00e7akg\u00f6n\u00fcll\u00fcd\u00fcr? Hangi ot onun gibi evlere, sofralara b\u00fct\u00fcn g\u00f6rm\u00fc\u015f ge\u00e7irmi\u015fli\u011fini, ezilmi\u015fli\u011fini, \u00e7elebili\u011fini, efendili\u011fini tak\u0131n\u0131p girer? <\/em>&#8230;\u201d<\/em><\/p>\n\n\n\n<p class=\"has-text-align-right\"><strong><em>-ilhan berk<\/em><\/strong><\/p>\n<\/blockquote>\n\n\n\n<div style=\"height:24px\" aria-hidden=\"true\" class=\"wp-block-spacer\"><\/div>\n\n\n\n<p>iki g\u00fcnd\u00fcr hava burada, yani dat\u00e7a&#8217;da, ya\u011fmurlu ve inan\u0131lmaz g\u00fczel&#8230; d\u00fcn bir ara hava y\u00fckseldi\u011finde \u00e7\u0131kt\u0131\u011f\u0131m\u0131z y\u00fcr\u00fcy\u00fc\u015fte, minik bir badem bah\u00e7esini hal\u0131 gibi kaplayan ebeg\u00fcmecilerle kar\u015f\u0131la\u015ft\u0131m; bu yemye\u015fil hal\u0131n\u0131n alt k\u0131sm\u0131nda da minik minik tazecik \u0131s\u0131rganlar vard\u0131. hemen biraz toplad\u0131m tabii. eve d\u00f6n\u00fc\u015f yolunda bir bah\u00e7enin kenar\u0131nda g\u00f6rd\u00fc\u011f\u00fcm pancarlar\u0131n d\u00f6rt minik yapra\u011f\u0131n\u0131 da \u00e7e\u015fit olsun diye ald\u0131m. bug\u00fcn hepsi ile birlikte \u015fahane bir kavurma yapt\u0131m. yar\u0131s\u0131n\u0131 ak\u015fam yerim dedim ama o kadar g\u00fczeldi ki b\u00fct\u00fcn taba\u011f\u0131 bitirdim \ud83d\ude0b\ud83c\udf3f\ud83c\udf3f\ud83c\udf3f\ud83c\udf3f<\/p>\n\n\n\n<p>d\u00fcn asl\u0131nda ba\u015fka bir ot maceras\u0131 daha ya\u015fad\u0131m;  o hikayeyi burada de\u011fil radyo z&#8217;de anlataca\u011f\u0131m \ud83d\ude09<\/p>\n\n\n\n<div style=\"height:24px\" aria-hidden=\"true\" class=\"wp-block-spacer\"><\/div>\n\n\n\n<figure class=\"wp-block-image size-large is-resized\"><img loading=\"lazy\" decoding=\"async\" width=\"1024\" height=\"1024\" src=\"https:\/\/www.asdami.com\/wp-content\/uploads\/2025\/01\/20250103_163814-1024x1024.jpg\" alt=\"\" class=\"wp-image-2151\" style=\"width:351px;height:auto\" srcset=\"https:\/\/www.asdami.com\/wp-content\/uploads\/2025\/01\/20250103_163814-1024x1024.jpg 1024w, https:\/\/www.asdami.com\/wp-content\/uploads\/2025\/01\/20250103_163814-300x300.jpg 300w, https:\/\/www.asdami.com\/wp-content\/uploads\/2025\/01\/20250103_163814-150x150.jpg 150w, https:\/\/www.asdami.com\/wp-content\/uploads\/2025\/01\/20250103_163814-768x768.jpg 768w, https:\/\/www.asdami.com\/wp-content\/uploads\/2025\/01\/20250103_163814-1536x1536.jpg 1536w, https:\/\/www.asdami.com\/wp-content\/uploads\/2025\/01\/20250103_163814-2048x2048.jpg 2048w\" sizes=\"auto, (max-width: 1024px) 100vw, 1024px\" \/><\/figure>\n\n\n\n<div style=\"height:18px\" aria-hidden=\"true\" class=\"wp-block-spacer\"><\/div>\n\n\n\n<p>tariften \u00f6nce burada susup s\u00f6z\u00fc ilhan berk&#8217;e b\u0131rakay\u0131m.<\/p>\n\n\n\n<p><strong><em>EBEG\u00dcMEC\u0130&nbsp;<\/em><\/strong><em><\/em><\/p>\n\n\n\n<p><em>Bir sap ebeg\u00fcmeciyle d\u00f6nd\u00fcm.<\/em><\/p>\n\n\n\n<p><em>Bitki s\u00f6zl\u00fckleri ebeg\u00fcmecini nas\u0131l anlat\u0131rlar acaba?<\/em><\/p>\n\n\n\n<p><em>Biliyorum \u00f6nemsiz bir bitkidir, onun i\u00e7in de pek durulmaz \u00fcst\u00fcnde. Ama yine de Latince bir ad\u0131 vard\u0131r; sonra da iki sat\u0131rl\u0131k bir tan\u0131m\u0131: 20-70 sm. boyunda, eflatun \u00e7i\u00e7ekli, t\u00fcyl\u00fc, yuvarlak yaprakl\u0131, uzun sapl\u0131 bir bitki, diye &#8230;<\/em><\/p>\n\n\n\n<p><em>B\u00fct\u00fcn s\u0131radan otlar gibi de \u00e7o\u011funlu\u011fun bir otu oldu\u011funu s\u00f6ylerler mi? Belki.<\/em><\/p>\n\n\n\n<p><em>Hem ebeg\u00fcmecinin de bu umrunda de\u011fildir. Ni\u00e7in olsun? Bencilli\u011fi a\u015fm\u0131\u015ft\u0131r o. Bir ermi\u015f. Bir ermi\u015f gibi al\u00e7akg\u00f6n\u00fcll\u00fcd\u00fcr. Her toprakta yeti\u015fir, gene bir ermi\u015f gibi uzun \u00f6m\u00fcrl\u00fcd\u00fcr. B\u00fct\u00fcn \u00f6nemsiz, s\u0131radan otlar gibi de bilinmek, an\u0131lmak istemez sanki. Bir imece hayat\u0131.<\/em><\/p>\n\n\n\n<p><em>&#8211; Ey unutu\u015f!<\/em><\/p>\n\n\n\n<p><em>mu demi\u015ftir?<\/em><\/p>\n\n\n\n<p><em>\u0130\u015fte bunun i\u00e7in s\u00f6zl\u00fcklerin ne dediklerine bakmaz.<\/em><\/p>\n\n\n\n<p><em>\u015eimdi \u00f6n\u00fcmde dururken de \u00f6yle de\u011fil mi? Sanki bir ebeg\u00fcmeci olarak bir ozan\u0131n \u00f6n\u00fcnde durmas\u0131n\u0131, onu eline almas\u0131n\u0131, ona bakmas\u0131n\u0131, bu \u015fiire girmesini yad\u0131rg\u0131yor. Hangi ot bu denli al\u00e7akg\u00f6n\u00fcll\u00fcd\u00fcr? Hangi ot onun gibi evlere, sofralara b\u00fct\u00fcn g\u00f6rm\u00fc\u015f ge\u00e7irmi\u015fli\u011fini, ezilmi\u015fli\u011fini, \u00e7elebili\u011fini, efendili\u011fini tak\u0131n\u0131p girer? Daha d\u00fcn koparmam\u0131\u015f m\u0131yd\u0131m onu. Bu yaz\u0131 i\u00e7in. Bir \u015fiire girmek onu ni\u00e7in bu denli \u00fcrk\u00fct\u00fcyor? Hem b\u00f6yle bir ot \u015fiire girmeyecektir de kim girecektir?<\/em><em><\/em><\/p>\n\n\n\n<div style=\"height:0px\" aria-hidden=\"true\" class=\"wp-block-spacer\"><\/div>\n\n\n\n<div style=\"height:18px\" aria-hidden=\"true\" class=\"wp-block-spacer\"><\/div>\n\n\n\n<div style=\"height:11px\" aria-hidden=\"true\" class=\"wp-block-spacer\"><\/div>\n\n\n\n<figure class=\"wp-block-gallery has-nested-images columns-default is-cropped wp-block-gallery-2 is-layout-flex wp-block-gallery-is-layout-flex\">\n<figure class=\"wp-block-image size-large wp-duotone-unset-1\"><img loading=\"lazy\" decoding=\"async\" width=\"1024\" height=\"1024\" data-id=\"2138\" src=\"https:\/\/www.asdami.com\/wp-content\/uploads\/2025\/01\/IMG_0650-1024x1024.jpg\" alt=\"\" class=\"wp-image-2138\" srcset=\"https:\/\/www.asdami.com\/wp-content\/uploads\/2025\/01\/IMG_0650-1024x1024.jpg 1024w, https:\/\/www.asdami.com\/wp-content\/uploads\/2025\/01\/IMG_0650-300x300.jpg 300w, https:\/\/www.asdami.com\/wp-content\/uploads\/2025\/01\/IMG_0650-150x150.jpg 150w, https:\/\/www.asdami.com\/wp-content\/uploads\/2025\/01\/IMG_0650-768x768.jpg 768w, https:\/\/www.asdami.com\/wp-content\/uploads\/2025\/01\/IMG_0650-1536x1536.jpg 1536w, https:\/\/www.asdami.com\/wp-content\/uploads\/2025\/01\/IMG_0650-2048x2048.jpg 2048w\" sizes=\"auto, (max-width: 1024px) 100vw, 1024px\" \/><\/figure>\n\n\n\n<figure class=\"wp-block-image size-large\"><img loading=\"lazy\" decoding=\"async\" width=\"1024\" height=\"1024\" data-id=\"2139\" src=\"https:\/\/www.asdami.com\/wp-content\/uploads\/2025\/01\/IMG_0652-1024x1024.jpg\" alt=\"\" class=\"wp-image-2139\" srcset=\"https:\/\/www.asdami.com\/wp-content\/uploads\/2025\/01\/IMG_0652-1024x1024.jpg 1024w, https:\/\/www.asdami.com\/wp-content\/uploads\/2025\/01\/IMG_0652-300x300.jpg 300w, https:\/\/www.asdami.com\/wp-content\/uploads\/2025\/01\/IMG_0652-150x150.jpg 150w, https:\/\/www.asdami.com\/wp-content\/uploads\/2025\/01\/IMG_0652-768x768.jpg 768w, https:\/\/www.asdami.com\/wp-content\/uploads\/2025\/01\/IMG_0652-1536x1536.jpg 1536w, https:\/\/www.asdami.com\/wp-content\/uploads\/2025\/01\/IMG_0652-2048x2048.jpg 2048w\" sizes=\"auto, (max-width: 1024px) 100vw, 1024px\" \/><\/figure>\n<\/figure>\n\n\n\n<div style=\"height:40px\" aria-hidden=\"true\" class=\"wp-block-spacer\"><\/div>\n\n\n\n<p class=\"has-black-color has-text-color\"><strong><em>malzemelerim<\/em><\/strong>;&nbsp;<br><br>&#8211; hepsi en fazla 300-350 gram olan ebeg\u00fcmeci, \u0131s\u0131rgan otu ve d\u00f6rt k\u00fc\u00e7\u00fck pancar yapra\u011f\u0131 (a\u011f\u0131rl\u0131kl\u0131 olarak ebeg\u00fcmeci)<br>&#8211; 1 orta boy so\u011fan<br>&#8211; 1 yumurta<br>&#8211; 1,5 tatl\u0131 ka\u015f\u0131\u011f\u0131 domates ve ac\u0131 biber sal\u00e7as\u0131 kar\u0131\u015f\u0131m\u0131<br>&#8211; 1 tatl\u0131 ka\u015f\u0131\u011f\u0131 hayfene toprak baharat kar\u0131\u015f\u0131m\u0131 (alaca biber, sumak, sar\u0131msak, zeytinya\u011f\u0131, kekik, nane, fesle\u011fen, deniz tuzu)<br>&#8211; 2 yemek ka\u015f\u0131\u011f\u0131 zeytinya\u011f\u0131.<br><\/p>\n\n\n\n<p><\/p>\n\n\n\n<p class=\"has-black-color has-text-color\"><strong><em>nas\u0131l yapt\u0131m<\/em><\/strong>;&nbsp;<br>&#8211; b\u00fct\u00fcn otlar\u0131 kabaca do\u011frad\u0131m. <br>&#8211; piyazl\u0131k do\u011franm\u0131\u015f kuru so\u011fan\u0131 bir yemek ka\u015f\u0131\u011f\u0131 zeytinya\u011f\u0131nda hafif\u00e7e soteledikten sonra otlar\u0131 da ekleyerek birlikte kavurmaya devam ettim. otlar rengini kaybetmeden ve tamamen canl\u0131l\u0131\u011f\u0131n\u0131 yitirmeden tavadan ald\u0131m. <br>&#8211; bir yemek ka\u015f\u0131\u011f\u0131 zeytinya\u011f\u0131nda do\u011franm\u0131\u015f \u00e7iri\u015fleri kavurdum ve tavadan alarak bir kenara ay\u0131rd\u0131m. <br>&#8211; yumurtay\u0131 bir kaba k\u0131rd\u0131m, i\u00e7ine sal\u00e7alar\u0131, baharatlar\u0131, taze kekik yapraklar\u0131n\u0131 ve tuzu ekleyerek kar\u0131\u015ft\u0131rd\u0131m.<br>&#8211; ayn\u0131 tavaya geri kalan zeytinya\u011f\u0131n\u0131 ekleyerek yumurta kar\u0131\u015f\u0131m\u0131n\u0131 \u00e7\u0131rp\u0131lm\u0131\u015f yumurta \u015feklinde pi\u015firdim.<br>&#8211; t\u00fcm malzemeyi kar\u0131\u015ft\u0131rarak, acur tur\u015fusu ve k\u00f6zlenmi\u015f salamura k\u0131rm\u0131z\u0131 biberle birlikte yedim. <\/p>\n\n\n\n<div style=\"height:29px\" aria-hidden=\"true\" class=\"wp-block-spacer\"><\/div>\n\n\n\n<figure class=\"wp-block-gallery has-nested-images columns-default is-cropped wp-block-gallery-3 is-layout-flex wp-block-gallery-is-layout-flex\">\n<figure class=\"wp-block-image size-full\"><img loading=\"lazy\" decoding=\"async\" width=\"2334\" height=\"2334\" data-id=\"2126\" src=\"https:\/\/www.asdami.com\/wp-content\/uploads\/2025\/01\/Untitled-2-1.jpg\" alt=\"\" class=\"wp-image-2126\" srcset=\"https:\/\/www.asdami.com\/wp-content\/uploads\/2025\/01\/Untitled-2-1.jpg 2334w, https:\/\/www.asdami.com\/wp-content\/uploads\/2025\/01\/Untitled-2-1-300x300.jpg 300w, https:\/\/www.asdami.com\/wp-content\/uploads\/2025\/01\/Untitled-2-1-1024x1024.jpg 1024w, https:\/\/www.asdami.com\/wp-content\/uploads\/2025\/01\/Untitled-2-1-150x150.jpg 150w, https:\/\/www.asdami.com\/wp-content\/uploads\/2025\/01\/Untitled-2-1-768x768.jpg 768w, https:\/\/www.asdami.com\/wp-content\/uploads\/2025\/01\/Untitled-2-1-1536x1536.jpg 1536w, https:\/\/www.asdami.com\/wp-content\/uploads\/2025\/01\/Untitled-2-1-2048x2048.jpg 2048w\" sizes=\"auto, (max-width: 2334px) 100vw, 2334px\" \/><\/figure>\n\n\n\n<figure class=\"wp-block-image size-full\"><img loading=\"lazy\" decoding=\"async\" width=\"2560\" height=\"2560\" data-id=\"2141\" src=\"https:\/\/www.asdami.com\/wp-content\/uploads\/2025\/01\/IMG_0655-scaled.jpg\" alt=\"\" class=\"wp-image-2141\" srcset=\"https:\/\/www.asdami.com\/wp-content\/uploads\/2025\/01\/IMG_0655-scaled.jpg 2560w, https:\/\/www.asdami.com\/wp-content\/uploads\/2025\/01\/IMG_0655-300x300.jpg 300w, https:\/\/www.asdami.com\/wp-content\/uploads\/2025\/01\/IMG_0655-1024x1024.jpg 1024w, https:\/\/www.asdami.com\/wp-content\/uploads\/2025\/01\/IMG_0655-150x150.jpg 150w, https:\/\/www.asdami.com\/wp-content\/uploads\/2025\/01\/IMG_0655-768x768.jpg 768w, https:\/\/www.asdami.com\/wp-content\/uploads\/2025\/01\/IMG_0655-1536x1536.jpg 1536w, https:\/\/www.asdami.com\/wp-content\/uploads\/2025\/01\/IMG_0655-2048x2048.jpg 2048w\" sizes=\"auto, (max-width: 2560px) 100vw, 2560px\" \/><\/figure>\n<\/figure>\n\n\n\n<div style=\"height:26px\" aria-hidden=\"true\" class=\"wp-block-spacer\"><\/div>\n\n\n\n<p><strong><em>baz\u0131 notlar<\/em><\/strong>;<\/p>\n\n\n\n<p>\u2714 otlar\u0131n kar\u0131\u015f\u0131m\u0131 ve miktarlar\u0131 tamamen size kalm\u0131\u015f; ben toplayabildi\u011fim kadar\u0131yla yapt\u0131m \ud83c\udf3f\ud83c\udf3f\ud83c\udf3f<\/p>\n\n\n\n<p>\u2714 bu y\u00f6ntemle pek \u00e7ok ye\u015filli\u011fin kavurmas\u0131 yap\u0131labiliyor tabii; ama yumurtal\u0131 kavurmalarda yap\u0131lmas\u0131 gereken en \u00f6nemli \u015fey  sebze ve yumurtay\u0131 ayr\u0131 ayr\u0131 pi\u015firmek. bu y\u00f6ntemle hem sebzeler hem de yumurta kendi &#8220;karakterini&#8221; kaybetmiyor \ud83d\ude0b<br><br>\u2714 hafif ac\u0131l\u0131k kesinlikle yak\u0131\u015f\u0131yor \ud83c\udf36\ufe0f\ud83c\udf36\ufe0f<\/p>\n\n\n\n<p>\u2714 acur tur\u015fusu, k\u00f6zlenmi\u015f salamura k\u0131rm\u0131z\u0131 biber ve k\u00fc\u00e7\u00fck bir IPA bira ot kavurmama \u00e7ok iyi e\u015flik ettiler do\u011frusu \ud83c\udf7a<\/p>\n\n\n\n<p><\/p>\n\n\n\n<p><\/p>\n\n\n\n<p><\/p>\n\n\n\n<p><\/p>\n\n\n\n<p><\/p>\n","protected":false},"excerpt":{"rendered":"<p>\u201c&#8230; Hangi ot bu denli al\u00e7akg\u00f6n\u00fcll\u00fcd\u00fcr? Hangi ot onun gibi evlere, sofralara b\u00fct\u00fcn g\u00f6rm\u00fc\u015f ge\u00e7irmi\u015fli\u011fini, ezilmi\u015fli\u011fini, \u00e7elebili\u011fini, efendili\u011fini tak\u0131n\u0131p girer? &#8230;\u201d -ilhan berk iki g\u00fcnd\u00fcr hava burada, yani dat\u00e7a&#8217;da, ya\u011fmurlu ve inan\u0131lmaz g\u00fczel&#8230; d\u00fcn bir ara hava y\u00fckseldi\u011finde \u00e7\u0131kt\u0131\u011f\u0131m\u0131z y\u00fcr\u00fcy\u00fc\u015fte, minik bir badem bah\u00e7esini hal\u0131 gibi kaplayan ebeg\u00fcmecilerle kar\u015f\u0131la\u015ft\u0131m; bu yemye\u015fil hal\u0131n\u0131n alt k\u0131sm\u0131nda da [&hellip;]<\/p>\n","protected":false},"author":3,"featured_media":2169,"comment_status":"open","ping_status":"open","sticky":false,"template":"","format":"standard","meta":{"footnotes":""},"categories":[1,43],"tags":[],"class_list":["post-2104","post","type-post","status-publish","format-standard","has-post-thumbnail","hentry","category-anm","category-ayurvedik-beslenme"],"_links":{"self":[{"href":"https:\/\/www.asdami.com\/index.php?rest_route=\/wp\/v2\/posts\/2104","targetHints":{"allow":["GET"]}}],"collection":[{"href":"https:\/\/www.asdami.com\/index.php?rest_route=\/wp\/v2\/posts"}],"about":[{"href":"https:\/\/www.asdami.com\/index.php?rest_route=\/wp\/v2\/types\/post"}],"author":[{"embeddable":true,"href":"https:\/\/www.asdami.com\/index.php?rest_route=\/wp\/v2\/users\/3"}],"replies":[{"embeddable":true,"href":"https:\/\/www.asdami.com\/index.php?rest_route=%2Fwp%2Fv2%2Fcomments&post=2104"}],"version-history":[{"count":5,"href":"https:\/\/www.asdami.com\/index.php?rest_route=\/wp\/v2\/posts\/2104\/revisions"}],"predecessor-version":[{"id":2180,"href":"https:\/\/www.asdami.com\/index.php?rest_route=\/wp\/v2\/posts\/2104\/revisions\/2180"}],"wp:featuredmedia":[{"embeddable":true,"href":"https:\/\/www.asdami.com\/index.php?rest_route=\/wp\/v2\/media\/2169"}],"wp:attachment":[{"href":"https:\/\/www.asdami.com\/index.php?rest_route=%2Fwp%2Fv2%2Fmedia&parent=2104"}],"wp:term":[{"taxonomy":"category","embeddable":true,"href":"https:\/\/www.asdami.com\/index.php?rest_route=%2Fwp%2Fv2%2Fcategories&post=2104"},{"taxonomy":"post_tag","embeddable":true,"href":"https:\/\/www.asdami.com\/index.php?rest_route=%2Fwp%2Fv2%2Ftags&post=2104"}],"curies":[{"name":"wp","href":"https:\/\/api.w.org\/{rel}","templated":true}]}}